{"id":2608,"date":"2016-09-18T12:14:43","date_gmt":"2016-09-18T10:14:43","guid":{"rendered":"https:\/\/www.marcoristuccia.com\/blog\/?p=2608"},"modified":"2018-07-28T12:15:40","modified_gmt":"2018-07-28T10:15:40","slug":"subito-autunno","status":"publish","type":"post","link":"https:\/\/www.marcoristuccia.com\/blog\/it\/2016\/09\/subito-autunno\/","title":{"rendered":"Subito Autunno"},"content":{"rendered":"<div id=\"attachment_2012\" style=\"width: 543px\" class=\"wp-caption aligncenter\"><img loading=\"lazy\" decoding=\"async\" aria-describedby=\"caption-attachment-2012\" class=\"size-full wp-image-2012\" src=\"http:\/\/www.marcoristuccia.com\/blog\/wp-content\/uploads\/2016\/09\/20160917_MARCO_RISTUCCIA_Autumn_Comes_Again.jpg\" alt=\"[cml_media_alt id='2012']Photo: &quot;Subito Autunno&quot; - \u00a9 Marco Ristuccia[\/cml_media_alt]\" width=\"533\" height=\"800\" srcset=\"https:\/\/www.marcoristuccia.com\/blog\/wp-content\/uploads\/2016\/09\/20160917_MARCO_RISTUCCIA_Autumn_Comes_Again.jpg 533w, https:\/\/www.marcoristuccia.com\/blog\/wp-content\/uploads\/2016\/09\/20160917_MARCO_RISTUCCIA_Autumn_Comes_Again-426x640.jpg 426w, https:\/\/www.marcoristuccia.com\/blog\/wp-content\/uploads\/2016\/09\/20160917_MARCO_RISTUCCIA_Autumn_Comes_Again-352x528.jpg 352w\" sizes=\"auto, (max-width: 533px) 100vw, 533px\" \/><p id=\"caption-attachment-2012\" class=\"wp-caption-text\">Photo: &#8220;Subito Autunno&#8221; &#8211; \u00a9 Marco Ristuccia<\/p><\/div>\n<p>Un brivido lungo la schiena, un d\u00e9j\u00e0-vu, ed \u00e8 subito autunno.<br \/>\n&nbsp;<\/p>\n","protected":false},"excerpt":{"rendered":"<p>Un brivido lungo la schiena, un d\u00e9j\u00e0-vu, ed \u00e8 subito autunno. &nbsp;<\/p>\n","protected":false},"author":1,"featured_media":0,"comment_status":"open","ping_status":"open","sticky":false,"template":"","format":"standard","meta":{"ngg_post_thumbnail":0,"footnotes":""},"categories":[212],"tags":[],"class_list":["post-2608","post","type-post","status-publish","format-standard","hentry","category-scatto-beam"],"yoast_head":"<!-- This site is optimized with the Yoast SEO plugin v26.2 - https:\/\/yoast.com\/wordpress\/plugins\/seo\/ -->\n<title>Subito Autunno - The light beam - by Marco Ristuccia<\/title>\n<meta name=\"description\" content=\"Un brivido lungo la schiena, un d\u00e9j\u00e0-vu, ed \u00e8 subito autunno.\" \/>\n<meta name=\"robots\" content=\"index, follow, max-snippet:-1, max-image-preview:large, max-video-preview:-1\" \/>\n<link rel=\"canonical\" href=\"https:\/\/www.marcoristuccia.com\/blog\/it\/2016\/09\/subito-autunno\/\" \/>\n<meta property=\"og:locale\" content=\"it_IT\" \/>\n<meta property=\"og:type\" content=\"article\" \/>\n<meta property=\"og:title\" content=\"Subito Autunno - The light beam - by Marco Ristuccia\" \/>\n<meta property=\"og:description\" content=\"Un brivido lungo la schiena, un d\u00e9j\u00e0-vu, ed \u00e8 subito autunno.\" \/>\n<meta property=\"og:url\" content=\"https:\/\/www.marcoristuccia.com\/blog\/it\/2016\/09\/subito-autunno\/\" \/>\n<meta property=\"og:site_name\" content=\"The light beam\" \/>\n<meta property=\"article:publisher\" content=\"https:\/\/www.facebook.com\/marco.ristuccia\" \/>\n<meta property=\"article:author\" content=\"https:\/\/www.facebook.com\/marco.ristuccia\" \/>\n<meta property=\"article:published_time\" content=\"2016-09-18T10:14:43+00:00\" \/>\n<meta property=\"article:modified_time\" content=\"2018-07-28T10:15:40+00:00\" \/>\n<meta property=\"og:image\" content=\"http:\/\/www.marcoristuccia.com\/blog\/wp-content\/uploads\/2016\/09\/20160917_MARCO_RISTUCCIA_Autumn_Comes_Again.jpg\" \/>\n<meta name=\"author\" content=\"Marco Ristuccia\" \/>\n<meta name=\"twitter:card\" content=\"summary_large_image\" \/>\n<meta name=\"twitter:creator\" content=\"@mristuccia\" \/>\n<meta name=\"twitter:site\" content=\"@mristuccia\" \/>\n<meta name=\"twitter:label1\" content=\"Scritto da\" \/>\n\t<meta name=\"twitter:data1\" content=\"Marco Ristuccia\" \/>\n<script type=\"application\/ld+json\" class=\"yoast-schema-graph\">{\"@context\":\"https:\/\/schema.org\",\"@graph\":[{\"@type\":\"Article\",\"@id\":\"https:\/\/www.marcoristuccia.com\/blog\/it\/2016\/09\/subito-autunno\/#article\",\"isPartOf\":{\"@id\":\"https:\/\/www.marcoristuccia.com\/blog\/it\/2016\/09\/subito-autunno\/\"},\"author\":{\"name\":\"Marco Ristuccia\",\"@id\":\"https:\/\/www.marcoristuccia.com\/blog\/it\/#\/schema\/person\/c2cb7f839a982847670d6de6dab4ec81\"},\"headline\":\"Subito Autunno\",\"datePublished\":\"2016-09-18T10:14:43+00:00\",\"dateModified\":\"2018-07-28T10:15:40+00:00\",\"mainEntityOfPage\":{\"@id\":\"https:\/\/www.marcoristuccia.com\/blog\/it\/2016\/09\/subito-autunno\/\"},\"wordCount\":28,\"commentCount\":0,\"publisher\":{\"@id\":\"https:\/\/www.marcoristuccia.com\/blog\/it\/#\/schema\/person\/c2cb7f839a982847670d6de6dab4ec81\"},\"image\":{\"@id\":\"https:\/\/www.marcoristuccia.com\/blog\/it\/2016\/09\/subito-autunno\/#primaryimage\"},\"thumbnailUrl\":\"http:\/\/www.marcoristuccia.com\/blog\/wp-content\/uploads\/2016\/09\/20160917_MARCO_RISTUCCIA_Autumn_Comes_Again.jpg\",\"articleSection\":[\"Shot beam\"],\"inLanguage\":\"it-IT\",\"potentialAction\":[{\"@type\":\"CommentAction\",\"name\":\"Comment\",\"target\":[\"https:\/\/www.marcoristuccia.com\/blog\/it\/2016\/09\/subito-autunno\/#respond\"]}]},{\"@type\":\"WebPage\",\"@id\":\"https:\/\/www.marcoristuccia.com\/blog\/it\/2016\/09\/subito-autunno\/\",\"url\":\"https:\/\/www.marcoristuccia.com\/blog\/it\/2016\/09\/subito-autunno\/\",\"name\":\"Subito Autunno - The light beam - by Marco Ristuccia\",\"isPartOf\":{\"@id\":\"https:\/\/www.marcoristuccia.com\/blog\/it\/#website\"},\"primaryImageOfPage\":{\"@id\":\"https:\/\/www.marcoristuccia.com\/blog\/it\/2016\/09\/subito-autunno\/#primaryimage\"},\"image\":{\"@id\":\"https:\/\/www.marcoristuccia.com\/blog\/it\/2016\/09\/subito-autunno\/#primaryimage\"},\"thumbnailUrl\":\"http:\/\/www.marcoristuccia.com\/blog\/wp-content\/uploads\/2016\/09\/20160917_MARCO_RISTUCCIA_Autumn_Comes_Again.jpg\",\"datePublished\":\"2016-09-18T10:14:43+00:00\",\"dateModified\":\"2018-07-28T10:15:40+00:00\",\"description\":\"Un brivido lungo la schiena, un d\u00e9j\u00e0-vu, ed \u00e8 subito autunno.\",\"breadcrumb\":{\"@id\":\"https:\/\/www.marcoristuccia.com\/blog\/it\/2016\/09\/subito-autunno\/#breadcrumb\"},\"inLanguage\":\"it-IT\",\"potentialAction\":[{\"@type\":\"ReadAction\",\"target\":[\"https:\/\/www.marcoristuccia.com\/blog\/it\/2016\/09\/subito-autunno\/\"]}]},{\"@type\":\"ImageObject\",\"inLanguage\":\"it-IT\",\"@id\":\"https:\/\/www.marcoristuccia.com\/blog\/it\/2016\/09\/subito-autunno\/#primaryimage\",\"url\":\"http:\/\/www.marcoristuccia.com\/blog\/wp-content\/uploads\/2016\/09\/20160917_MARCO_RISTUCCIA_Autumn_Comes_Again.jpg\",\"contentUrl\":\"http:\/\/www.marcoristuccia.com\/blog\/wp-content\/uploads\/2016\/09\/20160917_MARCO_RISTUCCIA_Autumn_Comes_Again.jpg\"},{\"@type\":\"BreadcrumbList\",\"@id\":\"https:\/\/www.marcoristuccia.com\/blog\/it\/2016\/09\/subito-autunno\/#breadcrumb\",\"itemListElement\":[{\"@type\":\"ListItem\",\"position\":1,\"name\":\"Home\",\"item\":\"https:\/\/www.marcoristuccia.com\/blog\/it\/\"},{\"@type\":\"ListItem\",\"position\":2,\"name\":\"Subito Autunno\"}]},{\"@type\":\"WebSite\",\"@id\":\"https:\/\/www.marcoristuccia.com\/blog\/it\/#website\",\"url\":\"https:\/\/www.marcoristuccia.com\/blog\/it\/\",\"name\":\"The Light Beam\",\"description\":\"A photo blog by Marco Ristuccia\",\"publisher\":{\"@id\":\"https:\/\/www.marcoristuccia.com\/blog\/it\/#\/schema\/person\/c2cb7f839a982847670d6de6dab4ec81\"},\"potentialAction\":[{\"@type\":\"SearchAction\",\"target\":{\"@type\":\"EntryPoint\",\"urlTemplate\":\"https:\/\/www.marcoristuccia.com\/blog\/it\/?s={search_term_string}\"},\"query-input\":{\"@type\":\"PropertyValueSpecification\",\"valueRequired\":true,\"valueName\":\"search_term_string\"}}],\"inLanguage\":\"it-IT\"},{\"@type\":[\"Person\",\"Organization\"],\"@id\":\"https:\/\/www.marcoristuccia.com\/blog\/it\/#\/schema\/person\/c2cb7f839a982847670d6de6dab4ec81\",\"name\":\"Marco Ristuccia\",\"image\":{\"@type\":\"ImageObject\",\"inLanguage\":\"it-IT\",\"@id\":\"https:\/\/www.marcoristuccia.com\/blog\/it\/#\/schema\/person\/image\/\",\"url\":\"https:\/\/www.marcoristuccia.com\/blog\/wp-content\/uploads\/2013\/07\/Logo.jpg\",\"contentUrl\":\"https:\/\/www.marcoristuccia.com\/blog\/wp-content\/uploads\/2013\/07\/Logo.jpg\",\"width\":200,\"height\":200,\"caption\":\"Marco Ristuccia\"},\"logo\":{\"@id\":\"https:\/\/www.marcoristuccia.com\/blog\/it\/#\/schema\/person\/image\/\"},\"description\":\"Marco Ristuccia was born in Syracuse (Italy) in 1971. In 1989 he moved to Turin to attend the Polytechnic Institute and receive a Master Degree in Computer Engineering. In 2009 he decided to pursue the photographic career, capitalizing also the technical background which provides him with a particular inclination towards deep conceptual analysis and strong formal balance. He moved to Milan and attended the two years photography master at Italian Institute of Photography (IIF). Beside commercial work his personal projects cover reportage, urban and natural landscape and art photography. He is seldom interested in photographing people as main subject, preferring instead a rather neutral approach, or an indirect one, focusing on consequences and traces of human life. Since February 2012 he collaborates as an editor with the photography magazine Urbanautica, for which he also conducts international photographic interviews. Marco lives and works in Berlin.\",\"sameAs\":[\"https:\/\/photography.marcoristuccia.com\",\"https:\/\/www.facebook.com\/marco.ristuccia\",\"https:\/\/x.com\/mristuccia\"],\"url\":\"https:\/\/www.marcoristuccia.com\/blog\/it\/author\/mristuccia\/\"}]}<\/script>\n<!-- \/ Yoast SEO plugin. -->","yoast_head_json":{"title":"Subito Autunno - The light beam - by Marco Ristuccia","description":"Un brivido lungo la schiena, un d\u00e9j\u00e0-vu, ed \u00e8 subito autunno.","robots":{"index":"index","follow":"follow","max-snippet":"max-snippet:-1","max-image-preview":"max-image-preview:large","max-video-preview":"max-video-preview:-1"},"canonical":"https:\/\/www.marcoristuccia.com\/blog\/it\/2016\/09\/subito-autunno\/","og_locale":"it_IT","og_type":"article","og_title":"Subito Autunno - The light beam - by Marco Ristuccia","og_description":"Un brivido lungo la schiena, un d\u00e9j\u00e0-vu, ed \u00e8 subito autunno.","og_url":"https:\/\/www.marcoristuccia.com\/blog\/it\/2016\/09\/subito-autunno\/","og_site_name":"The light beam","article_publisher":"https:\/\/www.facebook.com\/marco.ristuccia","article_author":"https:\/\/www.facebook.com\/marco.ristuccia","article_published_time":"2016-09-18T10:14:43+00:00","article_modified_time":"2018-07-28T10:15:40+00:00","og_image":[{"url":"http:\/\/www.marcoristuccia.com\/blog\/wp-content\/uploads\/2016\/09\/20160917_MARCO_RISTUCCIA_Autumn_Comes_Again.jpg","type":"","width":"","height":""}],"author":"Marco Ristuccia","twitter_card":"summary_large_image","twitter_creator":"@mristuccia","twitter_site":"@mristuccia","twitter_misc":{"Scritto da":"Marco Ristuccia"},"schema":{"@context":"https:\/\/schema.org","@graph":[{"@type":"Article","@id":"https:\/\/www.marcoristuccia.com\/blog\/it\/2016\/09\/subito-autunno\/#article","isPartOf":{"@id":"https:\/\/www.marcoristuccia.com\/blog\/it\/2016\/09\/subito-autunno\/"},"author":{"name":"Marco Ristuccia","@id":"https:\/\/www.marcoristuccia.com\/blog\/it\/#\/schema\/person\/c2cb7f839a982847670d6de6dab4ec81"},"headline":"Subito Autunno","datePublished":"2016-09-18T10:14:43+00:00","dateModified":"2018-07-28T10:15:40+00:00","mainEntityOfPage":{"@id":"https:\/\/www.marcoristuccia.com\/blog\/it\/2016\/09\/subito-autunno\/"},"wordCount":28,"commentCount":0,"publisher":{"@id":"https:\/\/www.marcoristuccia.com\/blog\/it\/#\/schema\/person\/c2cb7f839a982847670d6de6dab4ec81"},"image":{"@id":"https:\/\/www.marcoristuccia.com\/blog\/it\/2016\/09\/subito-autunno\/#primaryimage"},"thumbnailUrl":"http:\/\/www.marcoristuccia.com\/blog\/wp-content\/uploads\/2016\/09\/20160917_MARCO_RISTUCCIA_Autumn_Comes_Again.jpg","articleSection":["Shot beam"],"inLanguage":"it-IT","potentialAction":[{"@type":"CommentAction","name":"Comment","target":["https:\/\/www.marcoristuccia.com\/blog\/it\/2016\/09\/subito-autunno\/#respond"]}]},{"@type":"WebPage","@id":"https:\/\/www.marcoristuccia.com\/blog\/it\/2016\/09\/subito-autunno\/","url":"https:\/\/www.marcoristuccia.com\/blog\/it\/2016\/09\/subito-autunno\/","name":"Subito Autunno - The light beam - by Marco Ristuccia","isPartOf":{"@id":"https:\/\/www.marcoristuccia.com\/blog\/it\/#website"},"primaryImageOfPage":{"@id":"https:\/\/www.marcoristuccia.com\/blog\/it\/2016\/09\/subito-autunno\/#primaryimage"},"image":{"@id":"https:\/\/www.marcoristuccia.com\/blog\/it\/2016\/09\/subito-autunno\/#primaryimage"},"thumbnailUrl":"http:\/\/www.marcoristuccia.com\/blog\/wp-content\/uploads\/2016\/09\/20160917_MARCO_RISTUCCIA_Autumn_Comes_Again.jpg","datePublished":"2016-09-18T10:14:43+00:00","dateModified":"2018-07-28T10:15:40+00:00","description":"Un brivido lungo la schiena, un d\u00e9j\u00e0-vu, ed \u00e8 subito autunno.","breadcrumb":{"@id":"https:\/\/www.marcoristuccia.com\/blog\/it\/2016\/09\/subito-autunno\/#breadcrumb"},"inLanguage":"it-IT","potentialAction":[{"@type":"ReadAction","target":["https:\/\/www.marcoristuccia.com\/blog\/it\/2016\/09\/subito-autunno\/"]}]},{"@type":"ImageObject","inLanguage":"it-IT","@id":"https:\/\/www.marcoristuccia.com\/blog\/it\/2016\/09\/subito-autunno\/#primaryimage","url":"http:\/\/www.marcoristuccia.com\/blog\/wp-content\/uploads\/2016\/09\/20160917_MARCO_RISTUCCIA_Autumn_Comes_Again.jpg","contentUrl":"http:\/\/www.marcoristuccia.com\/blog\/wp-content\/uploads\/2016\/09\/20160917_MARCO_RISTUCCIA_Autumn_Comes_Again.jpg"},{"@type":"BreadcrumbList","@id":"https:\/\/www.marcoristuccia.com\/blog\/it\/2016\/09\/subito-autunno\/#breadcrumb","itemListElement":[{"@type":"ListItem","position":1,"name":"Home","item":"https:\/\/www.marcoristuccia.com\/blog\/it\/"},{"@type":"ListItem","position":2,"name":"Subito Autunno"}]},{"@type":"WebSite","@id":"https:\/\/www.marcoristuccia.com\/blog\/it\/#website","url":"https:\/\/www.marcoristuccia.com\/blog\/it\/","name":"The Light Beam","description":"A photo blog by Marco Ristuccia","publisher":{"@id":"https:\/\/www.marcoristuccia.com\/blog\/it\/#\/schema\/person\/c2cb7f839a982847670d6de6dab4ec81"},"potentialAction":[{"@type":"SearchAction","target":{"@type":"EntryPoint","urlTemplate":"https:\/\/www.marcoristuccia.com\/blog\/it\/?s={search_term_string}"},"query-input":{"@type":"PropertyValueSpecification","valueRequired":true,"valueName":"search_term_string"}}],"inLanguage":"it-IT"},{"@type":["Person","Organization"],"@id":"https:\/\/www.marcoristuccia.com\/blog\/it\/#\/schema\/person\/c2cb7f839a982847670d6de6dab4ec81","name":"Marco Ristuccia","image":{"@type":"ImageObject","inLanguage":"it-IT","@id":"https:\/\/www.marcoristuccia.com\/blog\/it\/#\/schema\/person\/image\/","url":"https:\/\/www.marcoristuccia.com\/blog\/wp-content\/uploads\/2013\/07\/Logo.jpg","contentUrl":"https:\/\/www.marcoristuccia.com\/blog\/wp-content\/uploads\/2013\/07\/Logo.jpg","width":200,"height":200,"caption":"Marco Ristuccia"},"logo":{"@id":"https:\/\/www.marcoristuccia.com\/blog\/it\/#\/schema\/person\/image\/"},"description":"Marco Ristuccia was born in Syracuse (Italy) in 1971. In 1989 he moved to Turin to attend the Polytechnic Institute and receive a Master Degree in Computer Engineering. In 2009 he decided to pursue the photographic career, capitalizing also the technical background which provides him with a particular inclination towards deep conceptual analysis and strong formal balance. He moved to Milan and attended the two years photography master at Italian Institute of Photography (IIF). Beside commercial work his personal projects cover reportage, urban and natural landscape and art photography. He is seldom interested in photographing people as main subject, preferring instead a rather neutral approach, or an indirect one, focusing on consequences and traces of human life. Since February 2012 he collaborates as an editor with the photography magazine Urbanautica, for which he also conducts international photographic interviews. Marco lives and works in Berlin.","sameAs":["https:\/\/photography.marcoristuccia.com","https:\/\/www.facebook.com\/marco.ristuccia","https:\/\/x.com\/mristuccia"],"url":"https:\/\/www.marcoristuccia.com\/blog\/it\/author\/mristuccia\/"}]}},"_links":{"self":[{"href":"https:\/\/www.marcoristuccia.com\/blog\/it\/wp-json\/wp\/v2\/posts\/2608","targetHints":{"allow":["GET"]}}],"collection":[{"href":"https:\/\/www.marcoristuccia.com\/blog\/it\/wp-json\/wp\/v2\/posts"}],"about":[{"href":"https:\/\/www.marcoristuccia.com\/blog\/it\/wp-json\/wp\/v2\/types\/post"}],"author":[{"embeddable":true,"href":"https:\/\/www.marcoristuccia.com\/blog\/it\/wp-json\/wp\/v2\/users\/1"}],"replies":[{"embeddable":true,"href":"https:\/\/www.marcoristuccia.com\/blog\/it\/wp-json\/wp\/v2\/comments?post=2608"}],"version-history":[{"count":1,"href":"https:\/\/www.marcoristuccia.com\/blog\/it\/wp-json\/wp\/v2\/posts\/2608\/revisions"}],"predecessor-version":[{"id":2609,"href":"https:\/\/www.marcoristuccia.com\/blog\/it\/wp-json\/wp\/v2\/posts\/2608\/revisions\/2609"}],"wp:attachment":[{"href":"https:\/\/www.marcoristuccia.com\/blog\/it\/wp-json\/wp\/v2\/media?parent=2608"}],"wp:term":[{"taxonomy":"category","embeddable":true,"href":"https:\/\/www.marcoristuccia.com\/blog\/it\/wp-json\/wp\/v2\/categories?post=2608"},{"taxonomy":"post_tag","embeddable":true,"href":"https:\/\/www.marcoristuccia.com\/blog\/it\/wp-json\/wp\/v2\/tags?post=2608"}],"curies":[{"name":"wp","href":"https:\/\/api.w.org\/{rel}","templated":true}]}}